{"id":570,"date":"2025-09-11T14:25:42","date_gmt":"2025-09-11T12:25:42","guid":{"rendered":"https:\/\/larsonline.dk\/wordpress\/?p=570"},"modified":"2025-09-11T14:27:40","modified_gmt":"2025-09-11T12:27:40","slug":"%f0%9f%8e%b6-laurel-canyon-kommer-til-skaelskoer-%f0%9f%8c%b5","status":"publish","type":"post","link":"https:\/\/larsonline.dk\/wordpress\/%f0%9f%8e%b6-laurel-canyon-kommer-til-skaelskoer-%f0%9f%8c%b5\/","title":{"rendered":"&#x1f3b6; Laurel Canyon kommer til Sk\u00e6lsk\u00f8r! &#x1f335;"},"content":{"rendered":"\n<p>I aften har jeg t\u00e6nkt, at mit sk\u00f8nne <a href=\"https:\/\/www.rytmekor.dk\">Sk\u00e6lsk\u00f8r Rytmiske Kor<\/a> for f\u00f8rste gang skal pr\u00f8ve synge klassisk folk-rock. &#x2728;<\/p>\n\n\n\n<p>Straight fra Laurel Canyon i Hollywood Hills, Californien i 1969 \u2013 og fra Joni Mitchells debutalbum&nbsp;<em>\u201cClouds\u201d<\/em>&nbsp;\u2013 kommer denne singer-songwriter perle,&nbsp;<em>\u201cBoth Sides Now.\u201d<\/em>&nbsp;&#x1f3a4;<\/p>\n\n\n\n<p>Nydeligt arrangeret for rytmisk kor af Morten Kj\u00e6r, og efter sigende indspillet i op imod 1500 cover-versioner igennem \u00e5rene. Det er alligevel ikke s\u00e5 lidt\u2026 &#x1f3bc;<\/p>\n\n\n\n<p>Laurel Canyon var et vildt musikmilj\u00f8 dengang! &#x1f33f; Et gr\u00f8nt, snoet boligomr\u00e5de, som i 1960\u2019erne og 70\u2019erne blev centrum for mange n\u00e6rmest herostratisk ber\u00f8mte musikere og kunstnere, bl.a. Joni Mitchell, Crosby, Stills &amp; Nash, The Doors, Frank Zappa og senere ogs\u00e5 folk som Jackson Browne og The Eagles. &#x1f31f;<\/p>\n\n\n\n<p>Ikke hvem som helst, m\u00e5 man sige. &#x1f60e;<\/p>\n\n\n\n<p>S\u00e5 i aften leger vi Laurel Canyon i Sk\u00e6lsk\u00f8r Rytmiske Kors \u00f8velokale p\u00e5 Sk\u00e6lsk\u00f8r Skole. M\u00e5ske under lidt mere ydmyge forhold, ja. Men jeg t\u00f8r godt garantere, at man N\u00c6STEN vil kunne dufte Sunset Strip, skimte San Fernando Valley og h\u00f8re Jim Morrison b\u00f8vse efter endnu en Cool Corona. &#x1f305;&#x1f379;<\/p>\n\n\n\n<p>Hvis du nogensinde har overvejet at synge i rytmisk kor, s\u00e5 tag et kig p\u00e5 Sk\u00e6lsk\u00f8r Rytmiske Kors hjemmeside (eller min,&nbsp;<a href=\"http:\/\/www.larsonline.dk\/\">www.larsonline.dk<\/a>) og smid en mail til mig. &#x1f4e7;<\/p>\n\n\n\n<p>Vi har altid plads til en sanger til, der bruger Rexona\u2026 &#x1f606;<\/p>\n\n\n\n<figure class=\"wp-block-image size-large\"><img loading=\"lazy\" decoding=\"async\" width=\"1024\" height=\"594\" src=\"https:\/\/larsonline.dk\/wordpress\/wp-content\/uploads\/2025\/09\/Joni-Mitchell-1024x594.jpg\" alt=\"\" class=\"wp-image-572\" srcset=\"https:\/\/larsonline.dk\/wordpress\/wp-content\/uploads\/2025\/09\/Joni-Mitchell-1024x594.jpg 1024w, https:\/\/larsonline.dk\/wordpress\/wp-content\/uploads\/2025\/09\/Joni-Mitchell-300x174.jpg 300w, https:\/\/larsonline.dk\/wordpress\/wp-content\/uploads\/2025\/09\/Joni-Mitchell-768x446.jpg 768w, https:\/\/larsonline.dk\/wordpress\/wp-content\/uploads\/2025\/09\/Joni-Mitchell-1536x891.jpg 1536w, https:\/\/larsonline.dk\/wordpress\/wp-content\/uploads\/2025\/09\/Joni-Mitchell.jpg 1577w\" sizes=\"auto, (max-width: 1024px) 100vw, 1024px\" \/><figcaption class=\"wp-element-caption\">Joni Mitchell<\/figcaption><\/figure>\n\n\n\n<p><\/p>\n","protected":false},"excerpt":{"rendered":"<p>I aften har jeg t\u00e6nkt, at mit sk\u00f8nne Sk\u00e6lsk\u00f8r Rytmiske Kor for f\u00f8rste gang skal pr\u00f8ve synge klassisk folk-rock. &#x2728; Straight fra Laurel Canyon i Hollywood Hills, Californien i 1969 \u2013 og fra Joni Mitchells debutalbum&nbsp;\u201cClouds\u201d&nbsp;\u2013 kommer denne singer-songwriter perle,&nbsp;\u201cBoth Sides Now.\u201d&nbsp;&#x1f3a4; Nydeligt arrangeret for rytmisk kor af Morten Kj\u00e6r, og efter sigende indspillet i &hellip; <a href=\"https:\/\/larsonline.dk\/wordpress\/%f0%9f%8e%b6-laurel-canyon-kommer-til-skaelskoer-%f0%9f%8c%b5\/\" class=\"more-link\">L\u00e6s videre <span class=\"screen-reader-text\">&#x1f3b6; Laurel Canyon kommer til Sk\u00e6lsk\u00f8r! &#x1f335;<\/span> <span class=\"meta-nav\">&rarr;<\/span><\/a><\/p>\n","protected":false},"author":1,"featured_media":571,"comment_status":"closed","ping_status":"open","sticky":false,"template":"","format":"standard","meta":{"footnotes":""},"categories":[1],"tags":[],"class_list":["post-570","post","type-post","status-publish","format-standard","has-post-thumbnail","hentry","category-ikke-kategoriseret"],"yoast_head":"<!-- This site is optimized with the Yoast SEO plugin v27.5 - https:\/\/yoast.com\/product\/yoast-seo-wordpress\/ -->\n<title>&#x1f3b6; Laurel Canyon kommer til Sk\u00e6lsk\u00f8r! &#x1f335; - Lars Kristian S\u00f8rensen<\/title>\n<meta name=\"robots\" content=\"index, follow, max-snippet:-1, max-image-preview:large, max-video-preview:-1\" \/>\n<link rel=\"canonical\" href=\"https:\/\/larsonline.dk\/wordpress\/\ud83c\udfb6-laurel-canyon-kommer-til-skaelskoer-\ud83c\udf35\/\" \/>\n<meta property=\"og:locale\" content=\"da_DK\" \/>\n<meta property=\"og:type\" content=\"article\" \/>\n<meta property=\"og:title\" content=\"&#x1f3b6; Laurel Canyon kommer til Sk\u00e6lsk\u00f8r! &#x1f335; - Lars Kristian S\u00f8rensen\" \/>\n<meta property=\"og:description\" content=\"I aften har jeg t\u00e6nkt, at mit sk\u00f8nne Sk\u00e6lsk\u00f8r Rytmiske Kor for f\u00f8rste gang skal pr\u00f8ve synge klassisk folk-rock. &#x2728; Straight fra Laurel Canyon i Hollywood Hills, Californien i 1969 \u2013 og fra Joni Mitchells debutalbum&nbsp;\u201cClouds\u201d&nbsp;\u2013 kommer denne singer-songwriter perle,&nbsp;\u201cBoth Sides Now.\u201d&nbsp;&#x1f3a4; Nydeligt arrangeret for rytmisk kor af Morten Kj\u00e6r, og efter sigende indspillet i &hellip; L\u00e6s videre &#x1f3b6; Laurel Canyon kommer til Sk\u00e6lsk\u00f8r! &#x1f335; &rarr;\" \/>\n<meta property=\"og:url\" content=\"https:\/\/larsonline.dk\/wordpress\/\ud83c\udfb6-laurel-canyon-kommer-til-skaelskoer-\ud83c\udf35\/\" \/>\n<meta property=\"og:site_name\" content=\"Lars Kristian S\u00f8rensen\" \/>\n<meta property=\"article:publisher\" content=\"https:\/\/www.facebook.com\/larskristiansorensen\/\" \/>\n<meta property=\"article:author\" content=\"https:\/\/www.facebook.com\/larskristiansorensen\/\" \/>\n<meta property=\"article:published_time\" content=\"2025-09-11T12:25:42+00:00\" \/>\n<meta property=\"article:modified_time\" content=\"2025-09-11T12:27:40+00:00\" \/>\n<meta property=\"og:image\" content=\"https:\/\/larsonline.dk\/wordpress\/wp-content\/uploads\/2025\/09\/IMG_6525.jpeg\" \/>\n\t<meta property=\"og:image:width\" content=\"1200\" \/>\n\t<meta property=\"og:image:height\" content=\"900\" \/>\n\t<meta property=\"og:image:type\" content=\"image\/jpeg\" \/>\n<meta name=\"author\" content=\"Lars\" \/>\n<meta name=\"twitter:card\" content=\"summary_large_image\" \/>\n<meta name=\"twitter:label1\" content=\"Skrevet af\" \/>\n\t<meta name=\"twitter:data1\" content=\"Lars\" \/>\n\t<meta name=\"twitter:label2\" content=\"Estimeret l\u00e6setid\" \/>\n\t<meta name=\"twitter:data2\" content=\"2 minutter\" \/>\n<script type=\"application\/ld+json\" class=\"yoast-schema-graph\">{\"@context\":\"https:\\\/\\\/schema.org\",\"@graph\":[{\"@type\":\"Article\",\"@id\":\"https:\\\/\\\/larsonline.dk\\\/wordpress\\\/%f0%9f%8e%b6-laurel-canyon-kommer-til-skaelskoer-%f0%9f%8c%b5\\\/#article\",\"isPartOf\":{\"@id\":\"https:\\\/\\\/larsonline.dk\\\/wordpress\\\/%f0%9f%8e%b6-laurel-canyon-kommer-til-skaelskoer-%f0%9f%8c%b5\\\/\"},\"author\":{\"name\":\"Lars\",\"@id\":\"https:\\\/\\\/larsonline.dk\\\/wordpress\\\/#\\\/schema\\\/person\\\/299b0784e5767b7d38d21b3b9f0418f8\"},\"headline\":\"&#x1f3b6; Laurel Canyon kommer til Sk\u00e6lsk\u00f8r! &#x1f335;\",\"datePublished\":\"2025-09-11T12:25:42+00:00\",\"dateModified\":\"2025-09-11T12:27:40+00:00\",\"mainEntityOfPage\":{\"@id\":\"https:\\\/\\\/larsonline.dk\\\/wordpress\\\/%f0%9f%8e%b6-laurel-canyon-kommer-til-skaelskoer-%f0%9f%8c%b5\\\/\"},\"wordCount\":276,\"publisher\":{\"@id\":\"https:\\\/\\\/larsonline.dk\\\/wordpress\\\/#\\\/schema\\\/person\\\/299b0784e5767b7d38d21b3b9f0418f8\"},\"image\":{\"@id\":\"https:\\\/\\\/larsonline.dk\\\/wordpress\\\/%f0%9f%8e%b6-laurel-canyon-kommer-til-skaelskoer-%f0%9f%8c%b5\\\/#primaryimage\"},\"thumbnailUrl\":\"https:\\\/\\\/larsonline.dk\\\/wordpress\\\/wp-content\\\/uploads\\\/2025\\\/09\\\/IMG_6525.jpeg\",\"articleSection\":[\"Ikke kategoriseret\"],\"inLanguage\":\"da-DK\"},{\"@type\":\"WebPage\",\"@id\":\"https:\\\/\\\/larsonline.dk\\\/wordpress\\\/%f0%9f%8e%b6-laurel-canyon-kommer-til-skaelskoer-%f0%9f%8c%b5\\\/\",\"url\":\"https:\\\/\\\/larsonline.dk\\\/wordpress\\\/%f0%9f%8e%b6-laurel-canyon-kommer-til-skaelskoer-%f0%9f%8c%b5\\\/\",\"name\":\"&#x1f3b6; Laurel Canyon kommer til Sk\u00e6lsk\u00f8r! &#x1f335; - Lars Kristian S\u00f8rensen\",\"isPartOf\":{\"@id\":\"https:\\\/\\\/larsonline.dk\\\/wordpress\\\/#website\"},\"primaryImageOfPage\":{\"@id\":\"https:\\\/\\\/larsonline.dk\\\/wordpress\\\/%f0%9f%8e%b6-laurel-canyon-kommer-til-skaelskoer-%f0%9f%8c%b5\\\/#primaryimage\"},\"image\":{\"@id\":\"https:\\\/\\\/larsonline.dk\\\/wordpress\\\/%f0%9f%8e%b6-laurel-canyon-kommer-til-skaelskoer-%f0%9f%8c%b5\\\/#primaryimage\"},\"thumbnailUrl\":\"https:\\\/\\\/larsonline.dk\\\/wordpress\\\/wp-content\\\/uploads\\\/2025\\\/09\\\/IMG_6525.jpeg\",\"datePublished\":\"2025-09-11T12:25:42+00:00\",\"dateModified\":\"2025-09-11T12:27:40+00:00\",\"breadcrumb\":{\"@id\":\"https:\\\/\\\/larsonline.dk\\\/wordpress\\\/%f0%9f%8e%b6-laurel-canyon-kommer-til-skaelskoer-%f0%9f%8c%b5\\\/#breadcrumb\"},\"inLanguage\":\"da-DK\",\"potentialAction\":[{\"@type\":\"ReadAction\",\"target\":[\"https:\\\/\\\/larsonline.dk\\\/wordpress\\\/%f0%9f%8e%b6-laurel-canyon-kommer-til-skaelskoer-%f0%9f%8c%b5\\\/\"]}]},{\"@type\":\"ImageObject\",\"inLanguage\":\"da-DK\",\"@id\":\"https:\\\/\\\/larsonline.dk\\\/wordpress\\\/%f0%9f%8e%b6-laurel-canyon-kommer-til-skaelskoer-%f0%9f%8c%b5\\\/#primaryimage\",\"url\":\"https:\\\/\\\/larsonline.dk\\\/wordpress\\\/wp-content\\\/uploads\\\/2025\\\/09\\\/IMG_6525.jpeg\",\"contentUrl\":\"https:\\\/\\\/larsonline.dk\\\/wordpress\\\/wp-content\\\/uploads\\\/2025\\\/09\\\/IMG_6525.jpeg\",\"width\":1200,\"height\":900},{\"@type\":\"BreadcrumbList\",\"@id\":\"https:\\\/\\\/larsonline.dk\\\/wordpress\\\/%f0%9f%8e%b6-laurel-canyon-kommer-til-skaelskoer-%f0%9f%8c%b5\\\/#breadcrumb\",\"itemListElement\":[{\"@type\":\"ListItem\",\"position\":1,\"name\":\"Hjem\",\"item\":\"https:\\\/\\\/larsonline.dk\\\/wordpress\\\/\"},{\"@type\":\"ListItem\",\"position\":2,\"name\":\"&#x1f3b6; Laurel Canyon kommer til Sk\u00e6lsk\u00f8r! &#x1f335;\"}]},{\"@type\":\"WebSite\",\"@id\":\"https:\\\/\\\/larsonline.dk\\\/wordpress\\\/#website\",\"url\":\"https:\\\/\\\/larsonline.dk\\\/wordpress\\\/\",\"name\":\"Lars Kristian S\u00f8rensen\",\"description\":\"\",\"publisher\":{\"@id\":\"https:\\\/\\\/larsonline.dk\\\/wordpress\\\/#\\\/schema\\\/person\\\/299b0784e5767b7d38d21b3b9f0418f8\"},\"potentialAction\":[{\"@type\":\"SearchAction\",\"target\":{\"@type\":\"EntryPoint\",\"urlTemplate\":\"https:\\\/\\\/larsonline.dk\\\/wordpress\\\/?s={search_term_string}\"},\"query-input\":{\"@type\":\"PropertyValueSpecification\",\"valueRequired\":true,\"valueName\":\"search_term_string\"}}],\"inLanguage\":\"da-DK\"},{\"@type\":[\"Person\",\"Organization\"],\"@id\":\"https:\\\/\\\/larsonline.dk\\\/wordpress\\\/#\\\/schema\\\/person\\\/299b0784e5767b7d38d21b3b9f0418f8\",\"name\":\"Lars\",\"image\":{\"@type\":\"ImageObject\",\"inLanguage\":\"da-DK\",\"@id\":\"https:\\\/\\\/larsonline.dk\\\/wordpress\\\/wp-content\\\/uploads\\\/2022\\\/05\\\/Logo.jpg\",\"url\":\"https:\\\/\\\/larsonline.dk\\\/wordpress\\\/wp-content\\\/uploads\\\/2022\\\/05\\\/Logo.jpg\",\"contentUrl\":\"https:\\\/\\\/larsonline.dk\\\/wordpress\\\/wp-content\\\/uploads\\\/2022\\\/05\\\/Logo.jpg\",\"width\":190,\"height\":190,\"caption\":\"Lars\"},\"logo\":{\"@id\":\"https:\\\/\\\/larsonline.dk\\\/wordpress\\\/wp-content\\\/uploads\\\/2022\\\/05\\\/Logo.jpg\"},\"sameAs\":[\"https:\\\/\\\/www.facebook.com\\\/larskristiansorensen\\\/\",\"https:\\\/\\\/www.instagram.com\\\/larskrsorensen\\\/\"],\"url\":\"https:\\\/\\\/larsonline.dk\\\/wordpress\\\/author\\\/lksorensen\\\/\"}]}<\/script>\n<!-- \/ Yoast SEO plugin. -->","yoast_head_json":{"title":"&#x1f3b6; Laurel Canyon kommer til Sk\u00e6lsk\u00f8r! &#x1f335; - Lars Kristian S\u00f8rensen","robots":{"index":"index","follow":"follow","max-snippet":"max-snippet:-1","max-image-preview":"max-image-preview:large","max-video-preview":"max-video-preview:-1"},"canonical":"https:\/\/larsonline.dk\/wordpress\/\ud83c\udfb6-laurel-canyon-kommer-til-skaelskoer-\ud83c\udf35\/","og_locale":"da_DK","og_type":"article","og_title":"&#x1f3b6; Laurel Canyon kommer til Sk\u00e6lsk\u00f8r! &#x1f335; - Lars Kristian S\u00f8rensen","og_description":"I aften har jeg t\u00e6nkt, at mit sk\u00f8nne Sk\u00e6lsk\u00f8r Rytmiske Kor for f\u00f8rste gang skal pr\u00f8ve synge klassisk folk-rock. &#x2728; Straight fra Laurel Canyon i Hollywood Hills, Californien i 1969 \u2013 og fra Joni Mitchells debutalbum&nbsp;\u201cClouds\u201d&nbsp;\u2013 kommer denne singer-songwriter perle,&nbsp;\u201cBoth Sides Now.\u201d&nbsp;&#x1f3a4; Nydeligt arrangeret for rytmisk kor af Morten Kj\u00e6r, og efter sigende indspillet i &hellip; L\u00e6s videre &#x1f3b6; Laurel Canyon kommer til Sk\u00e6lsk\u00f8r! &#x1f335; &rarr;","og_url":"https:\/\/larsonline.dk\/wordpress\/\ud83c\udfb6-laurel-canyon-kommer-til-skaelskoer-\ud83c\udf35\/","og_site_name":"Lars Kristian S\u00f8rensen","article_publisher":"https:\/\/www.facebook.com\/larskristiansorensen\/","article_author":"https:\/\/www.facebook.com\/larskristiansorensen\/","article_published_time":"2025-09-11T12:25:42+00:00","article_modified_time":"2025-09-11T12:27:40+00:00","og_image":[{"width":1200,"height":900,"url":"https:\/\/larsonline.dk\/wordpress\/wp-content\/uploads\/2025\/09\/IMG_6525.jpeg","type":"image\/jpeg"}],"author":"Lars","twitter_card":"summary_large_image","twitter_misc":{"Skrevet af":"Lars","Estimeret l\u00e6setid":"2 minutter"},"schema":{"@context":"https:\/\/schema.org","@graph":[{"@type":"Article","@id":"https:\/\/larsonline.dk\/wordpress\/%f0%9f%8e%b6-laurel-canyon-kommer-til-skaelskoer-%f0%9f%8c%b5\/#article","isPartOf":{"@id":"https:\/\/larsonline.dk\/wordpress\/%f0%9f%8e%b6-laurel-canyon-kommer-til-skaelskoer-%f0%9f%8c%b5\/"},"author":{"name":"Lars","@id":"https:\/\/larsonline.dk\/wordpress\/#\/schema\/person\/299b0784e5767b7d38d21b3b9f0418f8"},"headline":"&#x1f3b6; Laurel Canyon kommer til Sk\u00e6lsk\u00f8r! &#x1f335;","datePublished":"2025-09-11T12:25:42+00:00","dateModified":"2025-09-11T12:27:40+00:00","mainEntityOfPage":{"@id":"https:\/\/larsonline.dk\/wordpress\/%f0%9f%8e%b6-laurel-canyon-kommer-til-skaelskoer-%f0%9f%8c%b5\/"},"wordCount":276,"publisher":{"@id":"https:\/\/larsonline.dk\/wordpress\/#\/schema\/person\/299b0784e5767b7d38d21b3b9f0418f8"},"image":{"@id":"https:\/\/larsonline.dk\/wordpress\/%f0%9f%8e%b6-laurel-canyon-kommer-til-skaelskoer-%f0%9f%8c%b5\/#primaryimage"},"thumbnailUrl":"https:\/\/larsonline.dk\/wordpress\/wp-content\/uploads\/2025\/09\/IMG_6525.jpeg","articleSection":["Ikke kategoriseret"],"inLanguage":"da-DK"},{"@type":"WebPage","@id":"https:\/\/larsonline.dk\/wordpress\/%f0%9f%8e%b6-laurel-canyon-kommer-til-skaelskoer-%f0%9f%8c%b5\/","url":"https:\/\/larsonline.dk\/wordpress\/%f0%9f%8e%b6-laurel-canyon-kommer-til-skaelskoer-%f0%9f%8c%b5\/","name":"&#x1f3b6; Laurel Canyon kommer til Sk\u00e6lsk\u00f8r! &#x1f335; - Lars Kristian S\u00f8rensen","isPartOf":{"@id":"https:\/\/larsonline.dk\/wordpress\/#website"},"primaryImageOfPage":{"@id":"https:\/\/larsonline.dk\/wordpress\/%f0%9f%8e%b6-laurel-canyon-kommer-til-skaelskoer-%f0%9f%8c%b5\/#primaryimage"},"image":{"@id":"https:\/\/larsonline.dk\/wordpress\/%f0%9f%8e%b6-laurel-canyon-kommer-til-skaelskoer-%f0%9f%8c%b5\/#primaryimage"},"thumbnailUrl":"https:\/\/larsonline.dk\/wordpress\/wp-content\/uploads\/2025\/09\/IMG_6525.jpeg","datePublished":"2025-09-11T12:25:42+00:00","dateModified":"2025-09-11T12:27:40+00:00","breadcrumb":{"@id":"https:\/\/larsonline.dk\/wordpress\/%f0%9f%8e%b6-laurel-canyon-kommer-til-skaelskoer-%f0%9f%8c%b5\/#breadcrumb"},"inLanguage":"da-DK","potentialAction":[{"@type":"ReadAction","target":["https:\/\/larsonline.dk\/wordpress\/%f0%9f%8e%b6-laurel-canyon-kommer-til-skaelskoer-%f0%9f%8c%b5\/"]}]},{"@type":"ImageObject","inLanguage":"da-DK","@id":"https:\/\/larsonline.dk\/wordpress\/%f0%9f%8e%b6-laurel-canyon-kommer-til-skaelskoer-%f0%9f%8c%b5\/#primaryimage","url":"https:\/\/larsonline.dk\/wordpress\/wp-content\/uploads\/2025\/09\/IMG_6525.jpeg","contentUrl":"https:\/\/larsonline.dk\/wordpress\/wp-content\/uploads\/2025\/09\/IMG_6525.jpeg","width":1200,"height":900},{"@type":"BreadcrumbList","@id":"https:\/\/larsonline.dk\/wordpress\/%f0%9f%8e%b6-laurel-canyon-kommer-til-skaelskoer-%f0%9f%8c%b5\/#breadcrumb","itemListElement":[{"@type":"ListItem","position":1,"name":"Hjem","item":"https:\/\/larsonline.dk\/wordpress\/"},{"@type":"ListItem","position":2,"name":"&#x1f3b6; Laurel Canyon kommer til Sk\u00e6lsk\u00f8r! &#x1f335;"}]},{"@type":"WebSite","@id":"https:\/\/larsonline.dk\/wordpress\/#website","url":"https:\/\/larsonline.dk\/wordpress\/","name":"Lars Kristian S\u00f8rensen","description":"","publisher":{"@id":"https:\/\/larsonline.dk\/wordpress\/#\/schema\/person\/299b0784e5767b7d38d21b3b9f0418f8"},"potentialAction":[{"@type":"SearchAction","target":{"@type":"EntryPoint","urlTemplate":"https:\/\/larsonline.dk\/wordpress\/?s={search_term_string}"},"query-input":{"@type":"PropertyValueSpecification","valueRequired":true,"valueName":"search_term_string"}}],"inLanguage":"da-DK"},{"@type":["Person","Organization"],"@id":"https:\/\/larsonline.dk\/wordpress\/#\/schema\/person\/299b0784e5767b7d38d21b3b9f0418f8","name":"Lars","image":{"@type":"ImageObject","inLanguage":"da-DK","@id":"https:\/\/larsonline.dk\/wordpress\/wp-content\/uploads\/2022\/05\/Logo.jpg","url":"https:\/\/larsonline.dk\/wordpress\/wp-content\/uploads\/2022\/05\/Logo.jpg","contentUrl":"https:\/\/larsonline.dk\/wordpress\/wp-content\/uploads\/2022\/05\/Logo.jpg","width":190,"height":190,"caption":"Lars"},"logo":{"@id":"https:\/\/larsonline.dk\/wordpress\/wp-content\/uploads\/2022\/05\/Logo.jpg"},"sameAs":["https:\/\/www.facebook.com\/larskristiansorensen\/","https:\/\/www.instagram.com\/larskrsorensen\/"],"url":"https:\/\/larsonline.dk\/wordpress\/author\/lksorensen\/"}]}},"_links":{"self":[{"href":"https:\/\/larsonline.dk\/wordpress\/wp-json\/wp\/v2\/posts\/570","targetHints":{"allow":["GET"]}}],"collection":[{"href":"https:\/\/larsonline.dk\/wordpress\/wp-json\/wp\/v2\/posts"}],"about":[{"href":"https:\/\/larsonline.dk\/wordpress\/wp-json\/wp\/v2\/types\/post"}],"author":[{"embeddable":true,"href":"https:\/\/larsonline.dk\/wordpress\/wp-json\/wp\/v2\/users\/1"}],"replies":[{"embeddable":true,"href":"https:\/\/larsonline.dk\/wordpress\/wp-json\/wp\/v2\/comments?post=570"}],"version-history":[{"count":2,"href":"https:\/\/larsonline.dk\/wordpress\/wp-json\/wp\/v2\/posts\/570\/revisions"}],"predecessor-version":[{"id":574,"href":"https:\/\/larsonline.dk\/wordpress\/wp-json\/wp\/v2\/posts\/570\/revisions\/574"}],"wp:featuredmedia":[{"embeddable":true,"href":"https:\/\/larsonline.dk\/wordpress\/wp-json\/wp\/v2\/media\/571"}],"wp:attachment":[{"href":"https:\/\/larsonline.dk\/wordpress\/wp-json\/wp\/v2\/media?parent=570"}],"wp:term":[{"taxonomy":"category","embeddable":true,"href":"https:\/\/larsonline.dk\/wordpress\/wp-json\/wp\/v2\/categories?post=570"},{"taxonomy":"post_tag","embeddable":true,"href":"https:\/\/larsonline.dk\/wordpress\/wp-json\/wp\/v2\/tags?post=570"}],"curies":[{"name":"wp","href":"https:\/\/api.w.org\/{rel}","templated":true}]}}