{"id":503,"date":"2025-06-26T11:56:22","date_gmt":"2025-06-26T09:56:22","guid":{"rendered":"https:\/\/larsonline.dk\/wordpress\/?p=503"},"modified":"2025-06-27T10:57:09","modified_gmt":"2025-06-27T08:57:09","slug":"ferien-naermer-sig","status":"publish","type":"post","link":"https:\/\/larsonline.dk\/wordpress\/ferien-naermer-sig\/","title":{"rendered":"Sommerferien n\u00e6rmer sig"},"content":{"rendered":"\n<p>Solen skinner, og alle elever og kor er s\u00e5 sm\u00e5t sendt p\u00e5 ferie:<\/p>\n\n\n\n<p>&#x2600;&#xfe0f;<a href=\"https:\/\/www.fof.dk\/da\/sydvest\/kurser\/sang-og-musik\/strengeinstrumenter\/guitar\/131225\">Guitarskolen<\/a> (ogs\u00e5 dem, der spiller saxofon og ukulele!)<br>&#x2600;&#xfe0f;<a href=\"https:\/\/www.tjaerebysogn.dk\/aktiviteter\/kor-i-tjaereby-kirke\/voksenkor\">Tj\u00e6reby Kirkes Voksenkor<\/a><br>&#x2600;&#xfe0f;<a href=\"https:\/\/www.rytmekor.dk\">Sk\u00e6lsk\u00f8r Rytmiske Kor<\/a><\/p>\n\n\n\n<p>Tak til alle elever for dejlig musik og jeres berigende selskab! &#x1f60a;<\/p>\n\n\n\n<p>Det har ogs\u00e5 v\u00e6ret en dejlig musiks\u00e6son, hvor jeg har spillet mange sk\u00f8nne koncerter, <a href=\"https:\/\/www.rytmekor.dk\/vilde-vestsjaelland-2025\/\">Vilde Vestsj\u00e6lland<\/a> og private arrangementer. &#x1f44f;&#x1f3b6;&#x1f3b8;<\/p>\n\n\n\n<p>Jeg har stadig et par private arrangementer tilbage, inden jeg g\u00e5r p\u00e5 ferie  fra det hele i uge 29, 30 og 31. (Telefonsvareren, mail og sms holder dog stadig \u00e5ben, selvom jeg nok svarer lidt langsommere end s\u00e6dvanligt.)<\/p>\n\n\n\n<p>Og s\u00e5 er der jo selvf\u00f8lgelig lige<a href=\"https:\/\/artmarket.nu\"> Art Market<\/a> i <a href=\"https:\/\/perhillo.dk\">Per Hillos<\/a> hyggelige have, hvor jeg traditionen tro kigger forbi og underholder l\u00f8rdag d. 16. august. Kom forbi og oplev det overd\u00e5dige kunstmarked. Jeg spiller fra middag.<\/p>\n\n\n\n<p>Jeg f\u00f8ler mig priviligeret over at have et s\u00e5 fantastisk arbejde. &#x1f64f;  Det er lige f\u00f8r, at ferien hurtigt kan blive lang nok&#8230;! <\/p>\n\n\n\n<p>NB: Er det ikke et sk\u00f8n tegning af mig og verdens bedste Antonia Barisic. &#x1f60d; Den er lavet i bedste belgiske tegneseriestil ud fra billedet herunder fra Vilde Vestsj\u00e6lland d. 23 marts i \u00e5r.<\/p>\n\n\n\n<figure class=\"wp-block-image size-large\"><img loading=\"lazy\" decoding=\"async\" width=\"1024\" height=\"575\" src=\"http:\/\/larsonline.dk\/wordpress\/wp-content\/uploads\/2025\/06\/Lars-og-Antonia-1024x575.jpeg\" alt=\"\" class=\"wp-image-505\" srcset=\"https:\/\/larsonline.dk\/wordpress\/wp-content\/uploads\/2025\/06\/Lars-og-Antonia-1024x575.jpeg 1024w, https:\/\/larsonline.dk\/wordpress\/wp-content\/uploads\/2025\/06\/Lars-og-Antonia-300x169.jpeg 300w, https:\/\/larsonline.dk\/wordpress\/wp-content\/uploads\/2025\/06\/Lars-og-Antonia-768x432.jpeg 768w, https:\/\/larsonline.dk\/wordpress\/wp-content\/uploads\/2025\/06\/Lars-og-Antonia-1536x863.jpeg 1536w, https:\/\/larsonline.dk\/wordpress\/wp-content\/uploads\/2025\/06\/Lars-og-Antonia-2048x1151.jpeg 2048w\" sizes=\"auto, (max-width: 1024px) 100vw, 1024px\" \/><\/figure>\n\n\n\n<figure class=\"wp-block-image size-large\"><img loading=\"lazy\" decoding=\"async\" width=\"1024\" height=\"768\" src=\"http:\/\/larsonline.dk\/wordpress\/wp-content\/uploads\/2025\/06\/02-DSC04278-1024x768.jpg\" alt=\"\" class=\"wp-image-513\" srcset=\"https:\/\/larsonline.dk\/wordpress\/wp-content\/uploads\/2025\/06\/02-DSC04278-1024x768.jpg 1024w, https:\/\/larsonline.dk\/wordpress\/wp-content\/uploads\/2025\/06\/02-DSC04278-300x225.jpg 300w, https:\/\/larsonline.dk\/wordpress\/wp-content\/uploads\/2025\/06\/02-DSC04278-768x576.jpg 768w, https:\/\/larsonline.dk\/wordpress\/wp-content\/uploads\/2025\/06\/02-DSC04278-1536x1153.jpg 1536w, https:\/\/larsonline.dk\/wordpress\/wp-content\/uploads\/2025\/06\/02-DSC04278-2048x1537.jpg 2048w\" sizes=\"auto, (max-width: 1024px) 100vw, 1024px\" \/><\/figure>\n\n\n\n<figure class=\"wp-block-image size-large\"><img loading=\"lazy\" decoding=\"async\" width=\"1024\" height=\"446\" src=\"http:\/\/larsonline.dk\/wordpress\/wp-content\/uploads\/2025\/06\/34-DSC04340-1024x446.jpg\" alt=\"\" class=\"wp-image-514\" srcset=\"https:\/\/larsonline.dk\/wordpress\/wp-content\/uploads\/2025\/06\/34-DSC04340-1024x446.jpg 1024w, https:\/\/larsonline.dk\/wordpress\/wp-content\/uploads\/2025\/06\/34-DSC04340-300x131.jpg 300w, https:\/\/larsonline.dk\/wordpress\/wp-content\/uploads\/2025\/06\/34-DSC04340-768x334.jpg 768w, https:\/\/larsonline.dk\/wordpress\/wp-content\/uploads\/2025\/06\/34-DSC04340-1536x669.jpg 1536w, https:\/\/larsonline.dk\/wordpress\/wp-content\/uploads\/2025\/06\/34-DSC04340-2048x891.jpg 2048w\" sizes=\"auto, (max-width: 1024px) 100vw, 1024px\" \/><\/figure>\n\n\n\n<figure class=\"wp-block-image size-full\"><img loading=\"lazy\" decoding=\"async\" width=\"483\" height=\"388\" src=\"http:\/\/larsonline.dk\/wordpress\/wp-content\/uploads\/2025\/06\/Art-Market-2024.jpg\" alt=\"\" class=\"wp-image-517\" srcset=\"https:\/\/larsonline.dk\/wordpress\/wp-content\/uploads\/2025\/06\/Art-Market-2024.jpg 483w, https:\/\/larsonline.dk\/wordpress\/wp-content\/uploads\/2025\/06\/Art-Market-2024-300x241.jpg 300w\" sizes=\"auto, (max-width: 483px) 100vw, 483px\" \/><\/figure>\n","protected":false},"excerpt":{"rendered":"<p>Solen skinner, og alle elever og kor er s\u00e5 sm\u00e5t sendt p\u00e5 ferie: &#x2600;&#xfe0f;Guitarskolen (ogs\u00e5 dem, der spiller saxofon og ukulele!)&#x2600;&#xfe0f;Tj\u00e6reby Kirkes Voksenkor&#x2600;&#xfe0f;Sk\u00e6lsk\u00f8r Rytmiske Kor Tak til alle elever for dejlig musik og jeres berigende selskab! &#x1f60a; Det har ogs\u00e5 v\u00e6ret en dejlig musiks\u00e6son, hvor jeg har spillet mange sk\u00f8nne koncerter, Vilde Vestsj\u00e6lland og private &hellip; <a href=\"https:\/\/larsonline.dk\/wordpress\/ferien-naermer-sig\/\" class=\"more-link\">L\u00e6s videre <span class=\"screen-reader-text\">Sommerferien n\u00e6rmer sig<\/span> <span class=\"meta-nav\">&rarr;<\/span><\/a><\/p>\n","protected":false},"author":1,"featured_media":504,"comment_status":"closed","ping_status":"open","sticky":false,"template":"","format":"standard","meta":{"footnotes":""},"categories":[1],"tags":[],"class_list":["post-503","post","type-post","status-publish","format-standard","has-post-thumbnail","hentry","category-ikke-kategoriseret"],"yoast_head":"<!-- This site is optimized with the Yoast SEO plugin v27.4 - https:\/\/yoast.com\/product\/yoast-seo-wordpress\/ -->\n<title>Sommerferien n\u00e6rmer sig - Lars Kristian S\u00f8rensen<\/title>\n<meta name=\"robots\" content=\"index, follow, max-snippet:-1, max-image-preview:large, max-video-preview:-1\" \/>\n<link rel=\"canonical\" href=\"https:\/\/larsonline.dk\/wordpress\/ferien-naermer-sig\/\" \/>\n<meta property=\"og:locale\" content=\"da_DK\" \/>\n<meta property=\"og:type\" content=\"article\" \/>\n<meta property=\"og:title\" content=\"Sommerferien n\u00e6rmer sig - Lars Kristian S\u00f8rensen\" \/>\n<meta property=\"og:description\" content=\"Solen skinner, og alle elever og kor er s\u00e5 sm\u00e5t sendt p\u00e5 ferie: &#x2600;&#xfe0f;Guitarskolen (ogs\u00e5 dem, der spiller saxofon og ukulele!)&#x2600;&#xfe0f;Tj\u00e6reby Kirkes Voksenkor&#x2600;&#xfe0f;Sk\u00e6lsk\u00f8r Rytmiske Kor Tak til alle elever for dejlig musik og jeres berigende selskab! &#x1f60a; Det har ogs\u00e5 v\u00e6ret en dejlig musiks\u00e6son, hvor jeg har spillet mange sk\u00f8nne koncerter, Vilde Vestsj\u00e6lland og private &hellip; L\u00e6s videre Sommerferien n\u00e6rmer sig &rarr;\" \/>\n<meta property=\"og:url\" content=\"https:\/\/larsonline.dk\/wordpress\/ferien-naermer-sig\/\" \/>\n<meta property=\"og:site_name\" content=\"Lars Kristian S\u00f8rensen\" \/>\n<meta property=\"article:publisher\" content=\"https:\/\/www.facebook.com\/larskristiansorensen\/\" \/>\n<meta property=\"article:author\" content=\"https:\/\/www.facebook.com\/larskristiansorensen\/\" \/>\n<meta property=\"article:published_time\" content=\"2025-06-26T09:56:22+00:00\" \/>\n<meta property=\"article:modified_time\" content=\"2025-06-27T08:57:09+00:00\" \/>\n<meta property=\"og:image\" content=\"https:\/\/larsonline.dk\/wordpress\/wp-content\/uploads\/2025\/06\/Lars-og-Antonia-ferie-2.jpeg\" \/>\n\t<meta property=\"og:image:width\" content=\"1533\" \/>\n\t<meta property=\"og:image:height\" content=\"854\" \/>\n\t<meta property=\"og:image:type\" content=\"image\/jpeg\" \/>\n<meta name=\"author\" content=\"Lars\" \/>\n<meta name=\"twitter:card\" content=\"summary_large_image\" \/>\n<meta name=\"twitter:label1\" content=\"Skrevet af\" \/>\n\t<meta name=\"twitter:data1\" content=\"Lars\" \/>\n\t<meta name=\"twitter:label2\" content=\"Estimeret l\u00e6setid\" \/>\n\t<meta name=\"twitter:data2\" content=\"3 minutter\" \/>\n<script type=\"application\/ld+json\" class=\"yoast-schema-graph\">{\"@context\":\"https:\\\/\\\/schema.org\",\"@graph\":[{\"@type\":\"Article\",\"@id\":\"https:\\\/\\\/larsonline.dk\\\/wordpress\\\/ferien-naermer-sig\\\/#article\",\"isPartOf\":{\"@id\":\"https:\\\/\\\/larsonline.dk\\\/wordpress\\\/ferien-naermer-sig\\\/\"},\"author\":{\"name\":\"Lars\",\"@id\":\"https:\\\/\\\/larsonline.dk\\\/wordpress\\\/#\\\/schema\\\/person\\\/299b0784e5767b7d38d21b3b9f0418f8\"},\"headline\":\"Sommerferien n\u00e6rmer sig\",\"datePublished\":\"2025-06-26T09:56:22+00:00\",\"dateModified\":\"2025-06-27T08:57:09+00:00\",\"mainEntityOfPage\":{\"@id\":\"https:\\\/\\\/larsonline.dk\\\/wordpress\\\/ferien-naermer-sig\\\/\"},\"wordCount\":230,\"publisher\":{\"@id\":\"https:\\\/\\\/larsonline.dk\\\/wordpress\\\/#\\\/schema\\\/person\\\/299b0784e5767b7d38d21b3b9f0418f8\"},\"image\":{\"@id\":\"https:\\\/\\\/larsonline.dk\\\/wordpress\\\/ferien-naermer-sig\\\/#primaryimage\"},\"thumbnailUrl\":\"https:\\\/\\\/larsonline.dk\\\/wordpress\\\/wp-content\\\/uploads\\\/2025\\\/06\\\/Lars-og-Antonia-ferie-2.jpeg\",\"articleSection\":[\"Ikke kategoriseret\"],\"inLanguage\":\"da-DK\"},{\"@type\":\"WebPage\",\"@id\":\"https:\\\/\\\/larsonline.dk\\\/wordpress\\\/ferien-naermer-sig\\\/\",\"url\":\"https:\\\/\\\/larsonline.dk\\\/wordpress\\\/ferien-naermer-sig\\\/\",\"name\":\"Sommerferien n\u00e6rmer sig - Lars Kristian S\u00f8rensen\",\"isPartOf\":{\"@id\":\"https:\\\/\\\/larsonline.dk\\\/wordpress\\\/#website\"},\"primaryImageOfPage\":{\"@id\":\"https:\\\/\\\/larsonline.dk\\\/wordpress\\\/ferien-naermer-sig\\\/#primaryimage\"},\"image\":{\"@id\":\"https:\\\/\\\/larsonline.dk\\\/wordpress\\\/ferien-naermer-sig\\\/#primaryimage\"},\"thumbnailUrl\":\"https:\\\/\\\/larsonline.dk\\\/wordpress\\\/wp-content\\\/uploads\\\/2025\\\/06\\\/Lars-og-Antonia-ferie-2.jpeg\",\"datePublished\":\"2025-06-26T09:56:22+00:00\",\"dateModified\":\"2025-06-27T08:57:09+00:00\",\"breadcrumb\":{\"@id\":\"https:\\\/\\\/larsonline.dk\\\/wordpress\\\/ferien-naermer-sig\\\/#breadcrumb\"},\"inLanguage\":\"da-DK\",\"potentialAction\":[{\"@type\":\"ReadAction\",\"target\":[\"https:\\\/\\\/larsonline.dk\\\/wordpress\\\/ferien-naermer-sig\\\/\"]}]},{\"@type\":\"ImageObject\",\"inLanguage\":\"da-DK\",\"@id\":\"https:\\\/\\\/larsonline.dk\\\/wordpress\\\/ferien-naermer-sig\\\/#primaryimage\",\"url\":\"https:\\\/\\\/larsonline.dk\\\/wordpress\\\/wp-content\\\/uploads\\\/2025\\\/06\\\/Lars-og-Antonia-ferie-2.jpeg\",\"contentUrl\":\"https:\\\/\\\/larsonline.dk\\\/wordpress\\\/wp-content\\\/uploads\\\/2025\\\/06\\\/Lars-og-Antonia-ferie-2.jpeg\",\"width\":1533,\"height\":854},{\"@type\":\"BreadcrumbList\",\"@id\":\"https:\\\/\\\/larsonline.dk\\\/wordpress\\\/ferien-naermer-sig\\\/#breadcrumb\",\"itemListElement\":[{\"@type\":\"ListItem\",\"position\":1,\"name\":\"Hjem\",\"item\":\"https:\\\/\\\/larsonline.dk\\\/wordpress\\\/\"},{\"@type\":\"ListItem\",\"position\":2,\"name\":\"Sommerferien n\u00e6rmer sig\"}]},{\"@type\":\"WebSite\",\"@id\":\"https:\\\/\\\/larsonline.dk\\\/wordpress\\\/#website\",\"url\":\"https:\\\/\\\/larsonline.dk\\\/wordpress\\\/\",\"name\":\"Lars Kristian S\u00f8rensen\",\"description\":\"\",\"publisher\":{\"@id\":\"https:\\\/\\\/larsonline.dk\\\/wordpress\\\/#\\\/schema\\\/person\\\/299b0784e5767b7d38d21b3b9f0418f8\"},\"potentialAction\":[{\"@type\":\"SearchAction\",\"target\":{\"@type\":\"EntryPoint\",\"urlTemplate\":\"https:\\\/\\\/larsonline.dk\\\/wordpress\\\/?s={search_term_string}\"},\"query-input\":{\"@type\":\"PropertyValueSpecification\",\"valueRequired\":true,\"valueName\":\"search_term_string\"}}],\"inLanguage\":\"da-DK\"},{\"@type\":[\"Person\",\"Organization\"],\"@id\":\"https:\\\/\\\/larsonline.dk\\\/wordpress\\\/#\\\/schema\\\/person\\\/299b0784e5767b7d38d21b3b9f0418f8\",\"name\":\"Lars\",\"image\":{\"@type\":\"ImageObject\",\"inLanguage\":\"da-DK\",\"@id\":\"https:\\\/\\\/larsonline.dk\\\/wordpress\\\/wp-content\\\/uploads\\\/2022\\\/05\\\/Logo.jpg\",\"url\":\"https:\\\/\\\/larsonline.dk\\\/wordpress\\\/wp-content\\\/uploads\\\/2022\\\/05\\\/Logo.jpg\",\"contentUrl\":\"https:\\\/\\\/larsonline.dk\\\/wordpress\\\/wp-content\\\/uploads\\\/2022\\\/05\\\/Logo.jpg\",\"width\":190,\"height\":190,\"caption\":\"Lars\"},\"logo\":{\"@id\":\"https:\\\/\\\/larsonline.dk\\\/wordpress\\\/wp-content\\\/uploads\\\/2022\\\/05\\\/Logo.jpg\"},\"sameAs\":[\"https:\\\/\\\/www.facebook.com\\\/larskristiansorensen\\\/\",\"https:\\\/\\\/www.instagram.com\\\/larskrsorensen\\\/\"],\"url\":\"https:\\\/\\\/larsonline.dk\\\/wordpress\\\/author\\\/lksorensen\\\/\"}]}<\/script>\n<!-- \/ Yoast SEO plugin. -->","yoast_head_json":{"title":"Sommerferien n\u00e6rmer sig - Lars Kristian S\u00f8rensen","robots":{"index":"index","follow":"follow","max-snippet":"max-snippet:-1","max-image-preview":"max-image-preview:large","max-video-preview":"max-video-preview:-1"},"canonical":"https:\/\/larsonline.dk\/wordpress\/ferien-naermer-sig\/","og_locale":"da_DK","og_type":"article","og_title":"Sommerferien n\u00e6rmer sig - Lars Kristian S\u00f8rensen","og_description":"Solen skinner, og alle elever og kor er s\u00e5 sm\u00e5t sendt p\u00e5 ferie: &#x2600;&#xfe0f;Guitarskolen (ogs\u00e5 dem, der spiller saxofon og ukulele!)&#x2600;&#xfe0f;Tj\u00e6reby Kirkes Voksenkor&#x2600;&#xfe0f;Sk\u00e6lsk\u00f8r Rytmiske Kor Tak til alle elever for dejlig musik og jeres berigende selskab! &#x1f60a; Det har ogs\u00e5 v\u00e6ret en dejlig musiks\u00e6son, hvor jeg har spillet mange sk\u00f8nne koncerter, Vilde Vestsj\u00e6lland og private &hellip; L\u00e6s videre Sommerferien n\u00e6rmer sig &rarr;","og_url":"https:\/\/larsonline.dk\/wordpress\/ferien-naermer-sig\/","og_site_name":"Lars Kristian S\u00f8rensen","article_publisher":"https:\/\/www.facebook.com\/larskristiansorensen\/","article_author":"https:\/\/www.facebook.com\/larskristiansorensen\/","article_published_time":"2025-06-26T09:56:22+00:00","article_modified_time":"2025-06-27T08:57:09+00:00","og_image":[{"width":1533,"height":854,"url":"https:\/\/larsonline.dk\/wordpress\/wp-content\/uploads\/2025\/06\/Lars-og-Antonia-ferie-2.jpeg","type":"image\/jpeg"}],"author":"Lars","twitter_card":"summary_large_image","twitter_misc":{"Skrevet af":"Lars","Estimeret l\u00e6setid":"3 minutter"},"schema":{"@context":"https:\/\/schema.org","@graph":[{"@type":"Article","@id":"https:\/\/larsonline.dk\/wordpress\/ferien-naermer-sig\/#article","isPartOf":{"@id":"https:\/\/larsonline.dk\/wordpress\/ferien-naermer-sig\/"},"author":{"name":"Lars","@id":"https:\/\/larsonline.dk\/wordpress\/#\/schema\/person\/299b0784e5767b7d38d21b3b9f0418f8"},"headline":"Sommerferien n\u00e6rmer sig","datePublished":"2025-06-26T09:56:22+00:00","dateModified":"2025-06-27T08:57:09+00:00","mainEntityOfPage":{"@id":"https:\/\/larsonline.dk\/wordpress\/ferien-naermer-sig\/"},"wordCount":230,"publisher":{"@id":"https:\/\/larsonline.dk\/wordpress\/#\/schema\/person\/299b0784e5767b7d38d21b3b9f0418f8"},"image":{"@id":"https:\/\/larsonline.dk\/wordpress\/ferien-naermer-sig\/#primaryimage"},"thumbnailUrl":"https:\/\/larsonline.dk\/wordpress\/wp-content\/uploads\/2025\/06\/Lars-og-Antonia-ferie-2.jpeg","articleSection":["Ikke kategoriseret"],"inLanguage":"da-DK"},{"@type":"WebPage","@id":"https:\/\/larsonline.dk\/wordpress\/ferien-naermer-sig\/","url":"https:\/\/larsonline.dk\/wordpress\/ferien-naermer-sig\/","name":"Sommerferien n\u00e6rmer sig - Lars Kristian S\u00f8rensen","isPartOf":{"@id":"https:\/\/larsonline.dk\/wordpress\/#website"},"primaryImageOfPage":{"@id":"https:\/\/larsonline.dk\/wordpress\/ferien-naermer-sig\/#primaryimage"},"image":{"@id":"https:\/\/larsonline.dk\/wordpress\/ferien-naermer-sig\/#primaryimage"},"thumbnailUrl":"https:\/\/larsonline.dk\/wordpress\/wp-content\/uploads\/2025\/06\/Lars-og-Antonia-ferie-2.jpeg","datePublished":"2025-06-26T09:56:22+00:00","dateModified":"2025-06-27T08:57:09+00:00","breadcrumb":{"@id":"https:\/\/larsonline.dk\/wordpress\/ferien-naermer-sig\/#breadcrumb"},"inLanguage":"da-DK","potentialAction":[{"@type":"ReadAction","target":["https:\/\/larsonline.dk\/wordpress\/ferien-naermer-sig\/"]}]},{"@type":"ImageObject","inLanguage":"da-DK","@id":"https:\/\/larsonline.dk\/wordpress\/ferien-naermer-sig\/#primaryimage","url":"https:\/\/larsonline.dk\/wordpress\/wp-content\/uploads\/2025\/06\/Lars-og-Antonia-ferie-2.jpeg","contentUrl":"https:\/\/larsonline.dk\/wordpress\/wp-content\/uploads\/2025\/06\/Lars-og-Antonia-ferie-2.jpeg","width":1533,"height":854},{"@type":"BreadcrumbList","@id":"https:\/\/larsonline.dk\/wordpress\/ferien-naermer-sig\/#breadcrumb","itemListElement":[{"@type":"ListItem","position":1,"name":"Hjem","item":"https:\/\/larsonline.dk\/wordpress\/"},{"@type":"ListItem","position":2,"name":"Sommerferien n\u00e6rmer sig"}]},{"@type":"WebSite","@id":"https:\/\/larsonline.dk\/wordpress\/#website","url":"https:\/\/larsonline.dk\/wordpress\/","name":"Lars Kristian S\u00f8rensen","description":"","publisher":{"@id":"https:\/\/larsonline.dk\/wordpress\/#\/schema\/person\/299b0784e5767b7d38d21b3b9f0418f8"},"potentialAction":[{"@type":"SearchAction","target":{"@type":"EntryPoint","urlTemplate":"https:\/\/larsonline.dk\/wordpress\/?s={search_term_string}"},"query-input":{"@type":"PropertyValueSpecification","valueRequired":true,"valueName":"search_term_string"}}],"inLanguage":"da-DK"},{"@type":["Person","Organization"],"@id":"https:\/\/larsonline.dk\/wordpress\/#\/schema\/person\/299b0784e5767b7d38d21b3b9f0418f8","name":"Lars","image":{"@type":"ImageObject","inLanguage":"da-DK","@id":"https:\/\/larsonline.dk\/wordpress\/wp-content\/uploads\/2022\/05\/Logo.jpg","url":"https:\/\/larsonline.dk\/wordpress\/wp-content\/uploads\/2022\/05\/Logo.jpg","contentUrl":"https:\/\/larsonline.dk\/wordpress\/wp-content\/uploads\/2022\/05\/Logo.jpg","width":190,"height":190,"caption":"Lars"},"logo":{"@id":"https:\/\/larsonline.dk\/wordpress\/wp-content\/uploads\/2022\/05\/Logo.jpg"},"sameAs":["https:\/\/www.facebook.com\/larskristiansorensen\/","https:\/\/www.instagram.com\/larskrsorensen\/"],"url":"https:\/\/larsonline.dk\/wordpress\/author\/lksorensen\/"}]}},"_links":{"self":[{"href":"https:\/\/larsonline.dk\/wordpress\/wp-json\/wp\/v2\/posts\/503","targetHints":{"allow":["GET"]}}],"collection":[{"href":"https:\/\/larsonline.dk\/wordpress\/wp-json\/wp\/v2\/posts"}],"about":[{"href":"https:\/\/larsonline.dk\/wordpress\/wp-json\/wp\/v2\/types\/post"}],"author":[{"embeddable":true,"href":"https:\/\/larsonline.dk\/wordpress\/wp-json\/wp\/v2\/users\/1"}],"replies":[{"embeddable":true,"href":"https:\/\/larsonline.dk\/wordpress\/wp-json\/wp\/v2\/comments?post=503"}],"version-history":[{"count":9,"href":"https:\/\/larsonline.dk\/wordpress\/wp-json\/wp\/v2\/posts\/503\/revisions"}],"predecessor-version":[{"id":521,"href":"https:\/\/larsonline.dk\/wordpress\/wp-json\/wp\/v2\/posts\/503\/revisions\/521"}],"wp:featuredmedia":[{"embeddable":true,"href":"https:\/\/larsonline.dk\/wordpress\/wp-json\/wp\/v2\/media\/504"}],"wp:attachment":[{"href":"https:\/\/larsonline.dk\/wordpress\/wp-json\/wp\/v2\/media?parent=503"}],"wp:term":[{"taxonomy":"category","embeddable":true,"href":"https:\/\/larsonline.dk\/wordpress\/wp-json\/wp\/v2\/categories?post=503"},{"taxonomy":"post_tag","embeddable":true,"href":"https:\/\/larsonline.dk\/wordpress\/wp-json\/wp\/v2\/tags?post=503"}],"curies":[{"name":"wp","href":"https:\/\/api.w.org\/{rel}","templated":true}]}}