{"id":454,"date":"2024-12-03T12:13:40","date_gmt":"2024-12-03T11:13:40","guid":{"rendered":"https:\/\/larsonline.dk\/wordpress\/?p=454"},"modified":"2024-12-03T12:13:42","modified_gmt":"2024-12-03T11:13:42","slug":"jul-i-skaelskoer","status":"publish","type":"post","link":"https:\/\/larsonline.dk\/wordpress\/jul-i-skaelskoer\/","title":{"rendered":"Jul i Sk\u00e6lsk\u00f8r"},"content":{"rendered":"\n<p>I l\u00f8rdags startede julen i Sk\u00e6lsk\u00f8r. <\/p>\n\n\n\n<p>Jeg havde den store forn\u00f8jelse at dirigere Sk\u00e6lsk\u00f8r Rytmiske Kor p\u00e5 Svanetorvet i Sk\u00e6lsk\u00f8r &#8211; som altid dygtigt akkompagneret af min mange\u00e5rige kollega,  Anne Steen &#8211; hvor rekord  mange glade b\u00f8rn og voksne var m\u00f8dt frem for at t\u00e6nde og danse om byens smukke juletr\u00e6.<\/p>\n\n\n\n<p>Der var fantastisk stemning fra start til slut!<\/p>\n\n\n\n<p>Tak til Sk\u00e6lsk\u00f8r Erhvervsforening for at facilitere dette sk\u00f8nne arrangement!<\/p>\n\n\n\n<p>Vi g\u00f8r det igen til n\u00e6ste \u00e5r.<\/p>\n","protected":false},"excerpt":{"rendered":"<p>I l\u00f8rdags startede julen i Sk\u00e6lsk\u00f8r. Jeg havde den store forn\u00f8jelse at dirigere Sk\u00e6lsk\u00f8r Rytmiske Kor p\u00e5 Svanetorvet i Sk\u00e6lsk\u00f8r &#8211; som altid dygtigt akkompagneret af min mange\u00e5rige kollega, Anne Steen &#8211; hvor rekord mange glade b\u00f8rn og voksne var m\u00f8dt frem for at t\u00e6nde og danse om byens smukke juletr\u00e6. Der var fantastisk stemning &hellip; <a href=\"https:\/\/larsonline.dk\/wordpress\/jul-i-skaelskoer\/\" class=\"more-link\">L\u00e6s videre <span class=\"screen-reader-text\">Jul i Sk\u00e6lsk\u00f8r<\/span> <span class=\"meta-nav\">&rarr;<\/span><\/a><\/p>\n","protected":false},"author":1,"featured_media":455,"comment_status":"closed","ping_status":"open","sticky":false,"template":"","format":"standard","meta":{"footnotes":""},"categories":[1],"tags":[],"class_list":["post-454","post","type-post","status-publish","format-standard","has-post-thumbnail","hentry","category-ikke-kategoriseret"],"yoast_head":"<!-- This site is optimized with the Yoast SEO plugin v27.5 - https:\/\/yoast.com\/product\/yoast-seo-wordpress\/ -->\n<title>Jul i Sk\u00e6lsk\u00f8r - Lars Kristian S\u00f8rensen<\/title>\n<meta name=\"robots\" content=\"index, follow, max-snippet:-1, max-image-preview:large, max-video-preview:-1\" \/>\n<link rel=\"canonical\" href=\"https:\/\/larsonline.dk\/wordpress\/jul-i-skaelskoer\/\" \/>\n<meta property=\"og:locale\" content=\"da_DK\" \/>\n<meta property=\"og:type\" content=\"article\" \/>\n<meta property=\"og:title\" content=\"Jul i Sk\u00e6lsk\u00f8r - Lars Kristian S\u00f8rensen\" \/>\n<meta property=\"og:description\" content=\"I l\u00f8rdags startede julen i Sk\u00e6lsk\u00f8r. Jeg havde den store forn\u00f8jelse at dirigere Sk\u00e6lsk\u00f8r Rytmiske Kor p\u00e5 Svanetorvet i Sk\u00e6lsk\u00f8r &#8211; som altid dygtigt akkompagneret af min mange\u00e5rige kollega, Anne Steen &#8211; hvor rekord mange glade b\u00f8rn og voksne var m\u00f8dt frem for at t\u00e6nde og danse om byens smukke juletr\u00e6. Der var fantastisk stemning &hellip; L\u00e6s videre Jul i Sk\u00e6lsk\u00f8r &rarr;\" \/>\n<meta property=\"og:url\" content=\"https:\/\/larsonline.dk\/wordpress\/jul-i-skaelskoer\/\" \/>\n<meta property=\"og:site_name\" content=\"Lars Kristian S\u00f8rensen\" \/>\n<meta property=\"article:publisher\" content=\"https:\/\/www.facebook.com\/larskristiansorensen\/\" \/>\n<meta property=\"article:author\" content=\"https:\/\/www.facebook.com\/larskristiansorensen\/\" \/>\n<meta property=\"article:published_time\" content=\"2024-12-03T11:13:40+00:00\" \/>\n<meta property=\"article:modified_time\" content=\"2024-12-03T11:13:42+00:00\" \/>\n<meta property=\"og:image\" content=\"https:\/\/larsonline.dk\/wordpress\/wp-content\/uploads\/2024\/12\/4-DSC01179-scaled.jpg\" \/>\n\t<meta property=\"og:image:width\" content=\"2560\" \/>\n\t<meta property=\"og:image:height\" content=\"1438\" \/>\n\t<meta property=\"og:image:type\" content=\"image\/jpeg\" \/>\n<meta name=\"author\" content=\"Lars\" \/>\n<meta name=\"twitter:card\" content=\"summary_large_image\" \/>\n<meta name=\"twitter:label1\" content=\"Skrevet af\" \/>\n\t<meta name=\"twitter:data1\" content=\"Lars\" \/>\n<script type=\"application\/ld+json\" class=\"yoast-schema-graph\">{\"@context\":\"https:\\\/\\\/schema.org\",\"@graph\":[{\"@type\":\"Article\",\"@id\":\"https:\\\/\\\/larsonline.dk\\\/wordpress\\\/jul-i-skaelskoer\\\/#article\",\"isPartOf\":{\"@id\":\"https:\\\/\\\/larsonline.dk\\\/wordpress\\\/jul-i-skaelskoer\\\/\"},\"author\":{\"name\":\"Lars\",\"@id\":\"https:\\\/\\\/larsonline.dk\\\/wordpress\\\/#\\\/schema\\\/person\\\/299b0784e5767b7d38d21b3b9f0418f8\"},\"headline\":\"Jul i Sk\u00e6lsk\u00f8r\",\"datePublished\":\"2024-12-03T11:13:40+00:00\",\"dateModified\":\"2024-12-03T11:13:42+00:00\",\"mainEntityOfPage\":{\"@id\":\"https:\\\/\\\/larsonline.dk\\\/wordpress\\\/jul-i-skaelskoer\\\/\"},\"wordCount\":98,\"publisher\":{\"@id\":\"https:\\\/\\\/larsonline.dk\\\/wordpress\\\/#\\\/schema\\\/person\\\/299b0784e5767b7d38d21b3b9f0418f8\"},\"image\":{\"@id\":\"https:\\\/\\\/larsonline.dk\\\/wordpress\\\/jul-i-skaelskoer\\\/#primaryimage\"},\"thumbnailUrl\":\"https:\\\/\\\/larsonline.dk\\\/wordpress\\\/wp-content\\\/uploads\\\/2024\\\/12\\\/4-DSC01179-scaled.jpg\",\"articleSection\":[\"Ikke kategoriseret\"],\"inLanguage\":\"da-DK\"},{\"@type\":\"WebPage\",\"@id\":\"https:\\\/\\\/larsonline.dk\\\/wordpress\\\/jul-i-skaelskoer\\\/\",\"url\":\"https:\\\/\\\/larsonline.dk\\\/wordpress\\\/jul-i-skaelskoer\\\/\",\"name\":\"Jul i Sk\u00e6lsk\u00f8r - Lars Kristian S\u00f8rensen\",\"isPartOf\":{\"@id\":\"https:\\\/\\\/larsonline.dk\\\/wordpress\\\/#website\"},\"primaryImageOfPage\":{\"@id\":\"https:\\\/\\\/larsonline.dk\\\/wordpress\\\/jul-i-skaelskoer\\\/#primaryimage\"},\"image\":{\"@id\":\"https:\\\/\\\/larsonline.dk\\\/wordpress\\\/jul-i-skaelskoer\\\/#primaryimage\"},\"thumbnailUrl\":\"https:\\\/\\\/larsonline.dk\\\/wordpress\\\/wp-content\\\/uploads\\\/2024\\\/12\\\/4-DSC01179-scaled.jpg\",\"datePublished\":\"2024-12-03T11:13:40+00:00\",\"dateModified\":\"2024-12-03T11:13:42+00:00\",\"breadcrumb\":{\"@id\":\"https:\\\/\\\/larsonline.dk\\\/wordpress\\\/jul-i-skaelskoer\\\/#breadcrumb\"},\"inLanguage\":\"da-DK\",\"potentialAction\":[{\"@type\":\"ReadAction\",\"target\":[\"https:\\\/\\\/larsonline.dk\\\/wordpress\\\/jul-i-skaelskoer\\\/\"]}]},{\"@type\":\"ImageObject\",\"inLanguage\":\"da-DK\",\"@id\":\"https:\\\/\\\/larsonline.dk\\\/wordpress\\\/jul-i-skaelskoer\\\/#primaryimage\",\"url\":\"https:\\\/\\\/larsonline.dk\\\/wordpress\\\/wp-content\\\/uploads\\\/2024\\\/12\\\/4-DSC01179-scaled.jpg\",\"contentUrl\":\"https:\\\/\\\/larsonline.dk\\\/wordpress\\\/wp-content\\\/uploads\\\/2024\\\/12\\\/4-DSC01179-scaled.jpg\",\"width\":2560,\"height\":1438},{\"@type\":\"BreadcrumbList\",\"@id\":\"https:\\\/\\\/larsonline.dk\\\/wordpress\\\/jul-i-skaelskoer\\\/#breadcrumb\",\"itemListElement\":[{\"@type\":\"ListItem\",\"position\":1,\"name\":\"Hjem\",\"item\":\"https:\\\/\\\/larsonline.dk\\\/wordpress\\\/\"},{\"@type\":\"ListItem\",\"position\":2,\"name\":\"Jul i Sk\u00e6lsk\u00f8r\"}]},{\"@type\":\"WebSite\",\"@id\":\"https:\\\/\\\/larsonline.dk\\\/wordpress\\\/#website\",\"url\":\"https:\\\/\\\/larsonline.dk\\\/wordpress\\\/\",\"name\":\"Lars Kristian S\u00f8rensen\",\"description\":\"\",\"publisher\":{\"@id\":\"https:\\\/\\\/larsonline.dk\\\/wordpress\\\/#\\\/schema\\\/person\\\/299b0784e5767b7d38d21b3b9f0418f8\"},\"potentialAction\":[{\"@type\":\"SearchAction\",\"target\":{\"@type\":\"EntryPoint\",\"urlTemplate\":\"https:\\\/\\\/larsonline.dk\\\/wordpress\\\/?s={search_term_string}\"},\"query-input\":{\"@type\":\"PropertyValueSpecification\",\"valueRequired\":true,\"valueName\":\"search_term_string\"}}],\"inLanguage\":\"da-DK\"},{\"@type\":[\"Person\",\"Organization\"],\"@id\":\"https:\\\/\\\/larsonline.dk\\\/wordpress\\\/#\\\/schema\\\/person\\\/299b0784e5767b7d38d21b3b9f0418f8\",\"name\":\"Lars\",\"image\":{\"@type\":\"ImageObject\",\"inLanguage\":\"da-DK\",\"@id\":\"https:\\\/\\\/larsonline.dk\\\/wordpress\\\/wp-content\\\/uploads\\\/2022\\\/05\\\/Logo.jpg\",\"url\":\"https:\\\/\\\/larsonline.dk\\\/wordpress\\\/wp-content\\\/uploads\\\/2022\\\/05\\\/Logo.jpg\",\"contentUrl\":\"https:\\\/\\\/larsonline.dk\\\/wordpress\\\/wp-content\\\/uploads\\\/2022\\\/05\\\/Logo.jpg\",\"width\":190,\"height\":190,\"caption\":\"Lars\"},\"logo\":{\"@id\":\"https:\\\/\\\/larsonline.dk\\\/wordpress\\\/wp-content\\\/uploads\\\/2022\\\/05\\\/Logo.jpg\"},\"sameAs\":[\"https:\\\/\\\/www.facebook.com\\\/larskristiansorensen\\\/\",\"https:\\\/\\\/www.instagram.com\\\/larskrsorensen\\\/\"],\"url\":\"https:\\\/\\\/larsonline.dk\\\/wordpress\\\/author\\\/lksorensen\\\/\"}]}<\/script>\n<!-- \/ Yoast SEO plugin. -->","yoast_head_json":{"title":"Jul i Sk\u00e6lsk\u00f8r - Lars Kristian S\u00f8rensen","robots":{"index":"index","follow":"follow","max-snippet":"max-snippet:-1","max-image-preview":"max-image-preview:large","max-video-preview":"max-video-preview:-1"},"canonical":"https:\/\/larsonline.dk\/wordpress\/jul-i-skaelskoer\/","og_locale":"da_DK","og_type":"article","og_title":"Jul i Sk\u00e6lsk\u00f8r - Lars Kristian S\u00f8rensen","og_description":"I l\u00f8rdags startede julen i Sk\u00e6lsk\u00f8r. Jeg havde den store forn\u00f8jelse at dirigere Sk\u00e6lsk\u00f8r Rytmiske Kor p\u00e5 Svanetorvet i Sk\u00e6lsk\u00f8r &#8211; som altid dygtigt akkompagneret af min mange\u00e5rige kollega, Anne Steen &#8211; hvor rekord mange glade b\u00f8rn og voksne var m\u00f8dt frem for at t\u00e6nde og danse om byens smukke juletr\u00e6. Der var fantastisk stemning &hellip; L\u00e6s videre Jul i Sk\u00e6lsk\u00f8r &rarr;","og_url":"https:\/\/larsonline.dk\/wordpress\/jul-i-skaelskoer\/","og_site_name":"Lars Kristian S\u00f8rensen","article_publisher":"https:\/\/www.facebook.com\/larskristiansorensen\/","article_author":"https:\/\/www.facebook.com\/larskristiansorensen\/","article_published_time":"2024-12-03T11:13:40+00:00","article_modified_time":"2024-12-03T11:13:42+00:00","og_image":[{"width":2560,"height":1438,"url":"https:\/\/larsonline.dk\/wordpress\/wp-content\/uploads\/2024\/12\/4-DSC01179-scaled.jpg","type":"image\/jpeg"}],"author":"Lars","twitter_card":"summary_large_image","twitter_misc":{"Skrevet af":"Lars"},"schema":{"@context":"https:\/\/schema.org","@graph":[{"@type":"Article","@id":"https:\/\/larsonline.dk\/wordpress\/jul-i-skaelskoer\/#article","isPartOf":{"@id":"https:\/\/larsonline.dk\/wordpress\/jul-i-skaelskoer\/"},"author":{"name":"Lars","@id":"https:\/\/larsonline.dk\/wordpress\/#\/schema\/person\/299b0784e5767b7d38d21b3b9f0418f8"},"headline":"Jul i Sk\u00e6lsk\u00f8r","datePublished":"2024-12-03T11:13:40+00:00","dateModified":"2024-12-03T11:13:42+00:00","mainEntityOfPage":{"@id":"https:\/\/larsonline.dk\/wordpress\/jul-i-skaelskoer\/"},"wordCount":98,"publisher":{"@id":"https:\/\/larsonline.dk\/wordpress\/#\/schema\/person\/299b0784e5767b7d38d21b3b9f0418f8"},"image":{"@id":"https:\/\/larsonline.dk\/wordpress\/jul-i-skaelskoer\/#primaryimage"},"thumbnailUrl":"https:\/\/larsonline.dk\/wordpress\/wp-content\/uploads\/2024\/12\/4-DSC01179-scaled.jpg","articleSection":["Ikke kategoriseret"],"inLanguage":"da-DK"},{"@type":"WebPage","@id":"https:\/\/larsonline.dk\/wordpress\/jul-i-skaelskoer\/","url":"https:\/\/larsonline.dk\/wordpress\/jul-i-skaelskoer\/","name":"Jul i Sk\u00e6lsk\u00f8r - Lars Kristian S\u00f8rensen","isPartOf":{"@id":"https:\/\/larsonline.dk\/wordpress\/#website"},"primaryImageOfPage":{"@id":"https:\/\/larsonline.dk\/wordpress\/jul-i-skaelskoer\/#primaryimage"},"image":{"@id":"https:\/\/larsonline.dk\/wordpress\/jul-i-skaelskoer\/#primaryimage"},"thumbnailUrl":"https:\/\/larsonline.dk\/wordpress\/wp-content\/uploads\/2024\/12\/4-DSC01179-scaled.jpg","datePublished":"2024-12-03T11:13:40+00:00","dateModified":"2024-12-03T11:13:42+00:00","breadcrumb":{"@id":"https:\/\/larsonline.dk\/wordpress\/jul-i-skaelskoer\/#breadcrumb"},"inLanguage":"da-DK","potentialAction":[{"@type":"ReadAction","target":["https:\/\/larsonline.dk\/wordpress\/jul-i-skaelskoer\/"]}]},{"@type":"ImageObject","inLanguage":"da-DK","@id":"https:\/\/larsonline.dk\/wordpress\/jul-i-skaelskoer\/#primaryimage","url":"https:\/\/larsonline.dk\/wordpress\/wp-content\/uploads\/2024\/12\/4-DSC01179-scaled.jpg","contentUrl":"https:\/\/larsonline.dk\/wordpress\/wp-content\/uploads\/2024\/12\/4-DSC01179-scaled.jpg","width":2560,"height":1438},{"@type":"BreadcrumbList","@id":"https:\/\/larsonline.dk\/wordpress\/jul-i-skaelskoer\/#breadcrumb","itemListElement":[{"@type":"ListItem","position":1,"name":"Hjem","item":"https:\/\/larsonline.dk\/wordpress\/"},{"@type":"ListItem","position":2,"name":"Jul i Sk\u00e6lsk\u00f8r"}]},{"@type":"WebSite","@id":"https:\/\/larsonline.dk\/wordpress\/#website","url":"https:\/\/larsonline.dk\/wordpress\/","name":"Lars Kristian S\u00f8rensen","description":"","publisher":{"@id":"https:\/\/larsonline.dk\/wordpress\/#\/schema\/person\/299b0784e5767b7d38d21b3b9f0418f8"},"potentialAction":[{"@type":"SearchAction","target":{"@type":"EntryPoint","urlTemplate":"https:\/\/larsonline.dk\/wordpress\/?s={search_term_string}"},"query-input":{"@type":"PropertyValueSpecification","valueRequired":true,"valueName":"search_term_string"}}],"inLanguage":"da-DK"},{"@type":["Person","Organization"],"@id":"https:\/\/larsonline.dk\/wordpress\/#\/schema\/person\/299b0784e5767b7d38d21b3b9f0418f8","name":"Lars","image":{"@type":"ImageObject","inLanguage":"da-DK","@id":"https:\/\/larsonline.dk\/wordpress\/wp-content\/uploads\/2022\/05\/Logo.jpg","url":"https:\/\/larsonline.dk\/wordpress\/wp-content\/uploads\/2022\/05\/Logo.jpg","contentUrl":"https:\/\/larsonline.dk\/wordpress\/wp-content\/uploads\/2022\/05\/Logo.jpg","width":190,"height":190,"caption":"Lars"},"logo":{"@id":"https:\/\/larsonline.dk\/wordpress\/wp-content\/uploads\/2022\/05\/Logo.jpg"},"sameAs":["https:\/\/www.facebook.com\/larskristiansorensen\/","https:\/\/www.instagram.com\/larskrsorensen\/"],"url":"https:\/\/larsonline.dk\/wordpress\/author\/lksorensen\/"}]}},"_links":{"self":[{"href":"https:\/\/larsonline.dk\/wordpress\/wp-json\/wp\/v2\/posts\/454","targetHints":{"allow":["GET"]}}],"collection":[{"href":"https:\/\/larsonline.dk\/wordpress\/wp-json\/wp\/v2\/posts"}],"about":[{"href":"https:\/\/larsonline.dk\/wordpress\/wp-json\/wp\/v2\/types\/post"}],"author":[{"embeddable":true,"href":"https:\/\/larsonline.dk\/wordpress\/wp-json\/wp\/v2\/users\/1"}],"replies":[{"embeddable":true,"href":"https:\/\/larsonline.dk\/wordpress\/wp-json\/wp\/v2\/comments?post=454"}],"version-history":[{"count":1,"href":"https:\/\/larsonline.dk\/wordpress\/wp-json\/wp\/v2\/posts\/454\/revisions"}],"predecessor-version":[{"id":456,"href":"https:\/\/larsonline.dk\/wordpress\/wp-json\/wp\/v2\/posts\/454\/revisions\/456"}],"wp:featuredmedia":[{"embeddable":true,"href":"https:\/\/larsonline.dk\/wordpress\/wp-json\/wp\/v2\/media\/455"}],"wp:attachment":[{"href":"https:\/\/larsonline.dk\/wordpress\/wp-json\/wp\/v2\/media?parent=454"}],"wp:term":[{"taxonomy":"category","embeddable":true,"href":"https:\/\/larsonline.dk\/wordpress\/wp-json\/wp\/v2\/categories?post=454"},{"taxonomy":"post_tag","embeddable":true,"href":"https:\/\/larsonline.dk\/wordpress\/wp-json\/wp\/v2\/tags?post=454"}],"curies":[{"name":"wp","href":"https:\/\/api.w.org\/{rel}","templated":true}]}}